{"id":2835,"date":"2022-09-29T15:48:34","date_gmt":"2022-09-29T15:48:34","guid":{"rendered":"https:\/\/groups.tecnico.ulisboa.pt\/~larsys.daemon\/?p=2835"},"modified":"2022-09-30T09:54:53","modified_gmt":"2022-09-30T09:54:53","slug":"larsys-activities-at-the-european-researchers-night","status":"publish","type":"post","link":"https:\/\/groups.tecnico.ulisboa.pt\/~larsys.daemon\/larsys-activities-at-the-european-researchers-night\/","title":{"rendered":"LARSyS activities at the European Researchers Night"},"content":{"rendered":"<p>The European Researchers&#8217; Night is a Europe-wide public event, which displays the diversity of science and its impact on citizens&#8217; daily lives in fun, inspiring ways.<\/p>\n<p>This year, the event will take place in\u00a0<strong>25 countries<\/strong>\u00a0on\u00a0<strong>Friday 30 September 2022<\/strong>. LARSyS researchers will be present at two local hosts, the <a href=\"_wp_link_placeholder\" data-wplink-edit=\"true\">Museu Nacional de Hist\u00f3ria Natural<\/a> e da Ci\u00eancia and<a href=\"https:\/\/raise4future.eu\/wp-content\/uploads\/sites\/32\/2022\/09\/1.-ERN-%E2%80%93-Programa-Completo_26.09.pdf\"> Funda\u00e7\u00e3o Champalimaud<\/a>.<\/p>\n<p>From 5 PM to midnight,\u00a0<a href=\"https:\/\/welcome.isr.tecnico.ulisboa.pt\/\">ISR &#8211; Lisboa<\/a> will bring &#8220;<em>Robots pela Sustentabilidade<\/em>&#8221; to Jardim do Pr\u00edncipe Real, hosted by Museu de Hist\u00f3ria Natural e da Ci\u00eancia.<\/p>\n<p><a href=\"https:\/\/iti.larsys.pt\/\">ITI &#8211; LARSyS<\/a> will be represented at <a href=\"https:\/\/raise4future.eu\/wp-content\/uploads\/sites\/32\/2022\/09\/1.-ERN-%E2%80%93-Programa-Completo-4.pdf\">Funda\u00e7\u00e3o Champalimaud\u00a0<\/a>with the activity \u201c<em>Encontrar a Arc\u00e1dia<\/em>\u201d .<\/p>\n\n\n<p>Finally, also at <a href=\"https:\/\/noitedosinvestigadores.org\">MUHNAC<\/a>, <a href=\"http:\/\/www.maretec.org\/\">MARETEC<\/a> will be hosting the activity: \u201c<em>Uma cidade mais sustent\u00e1vel e inclusiva: desenhar uma Lisboa acess\u00edvel com as cores dos Objectivos do Desenvolvimento Sustent\u00e1vel da Agenda ONU 203<\/em>0\u201d (T\u00e9cnico Sustent\u00e1vel).<\/p>\n","protected":false},"excerpt":{"rendered":"<p>The European Researchers&#8217; Night is a Europe-wide public event, which displays the diversity of science and its impact on citizens&#8217; daily lives in fun, inspiring ways. This year, the event<\/p>\n<p><span class=\"more-wrapper\"><a class=\"more-link button\" href=\"https:\/\/groups.tecnico.ulisboa.pt\/~larsys.daemon\/larsys-activities-at-the-european-researchers-night\/\">Read More<\/a><\/span><\/p>\n","protected":false},"author":6,"featured_media":2836,"comment_status":"closed","ping_status":"closed","sticky":false,"template":"","format":"standard","meta":{"footnotes":""},"categories":[14],"tags":[],"class_list":["post-2835","post","type-post","status-publish","format-standard","has-post-thumbnail","hentry","category-events"],"_links":{"self":[{"href":"https:\/\/groups.tecnico.ulisboa.pt\/~larsys.daemon\/wp-json\/wp\/v2\/posts\/2835","targetHints":{"allow":["GET"]}}],"collection":[{"href":"https:\/\/groups.tecnico.ulisboa.pt\/~larsys.daemon\/wp-json\/wp\/v2\/posts"}],"about":[{"href":"https:\/\/groups.tecnico.ulisboa.pt\/~larsys.daemon\/wp-json\/wp\/v2\/types\/post"}],"author":[{"embeddable":true,"href":"https:\/\/groups.tecnico.ulisboa.pt\/~larsys.daemon\/wp-json\/wp\/v2\/users\/6"}],"replies":[{"embeddable":true,"href":"https:\/\/groups.tecnico.ulisboa.pt\/~larsys.daemon\/wp-json\/wp\/v2\/comments?post=2835"}],"version-history":[{"count":3,"href":"https:\/\/groups.tecnico.ulisboa.pt\/~larsys.daemon\/wp-json\/wp\/v2\/posts\/2835\/revisions"}],"predecessor-version":[{"id":2840,"href":"https:\/\/groups.tecnico.ulisboa.pt\/~larsys.daemon\/wp-json\/wp\/v2\/posts\/2835\/revisions\/2840"}],"wp:featuredmedia":[{"embeddable":true,"href":"https:\/\/groups.tecnico.ulisboa.pt\/~larsys.daemon\/wp-json\/wp\/v2\/media\/2836"}],"wp:attachment":[{"href":"https:\/\/groups.tecnico.ulisboa.pt\/~larsys.daemon\/wp-json\/wp\/v2\/media?parent=2835"}],"wp:term":[{"taxonomy":"category","embeddable":true,"href":"https:\/\/groups.tecnico.ulisboa.pt\/~larsys.daemon\/wp-json\/wp\/v2\/categories?post=2835"},{"taxonomy":"post_tag","embeddable":true,"href":"https:\/\/groups.tecnico.ulisboa.pt\/~larsys.daemon\/wp-json\/wp\/v2\/tags?post=2835"}],"curies":[{"name":"wp","href":"https:\/\/api.w.org\/{rel}","templated":true}]}}