{"id":4567,"date":"2025-12-15T12:03:28","date_gmt":"2025-12-15T12:03:28","guid":{"rendered":"https:\/\/groups.tecnico.ulisboa.pt\/~larsys.daemon\/?p=4567"},"modified":"2025-12-15T12:03:28","modified_gmt":"2025-12-15T12:03:28","slug":"centro-de-investigacao-oceanica-entre-a-china-e-os-paises-de-lingua-portuguesa","status":"publish","type":"post","link":"https:\/\/groups.tecnico.ulisboa.pt\/~larsys.daemon\/centro-de-investigacao-oceanica-entre-a-china-e-os-paises-de-lingua-portuguesa\/","title":{"rendered":"Centro de Investiga\u00e7\u00e3o Oce\u00e2nica entre a China e os pa\u00edses de l\u00edngua portuguesa"},"content":{"rendered":"<p>No dia 21 de novembro teve lugar a assinatura de um acordo que estabelece o\u00a0Centro de Investiga\u00e7\u00e3o Oce\u00e2nica entre a China e os pa\u00edses de l\u00edngua portuguesa. Os signat\u00e1rios foram o Laborat\u00f3rio de Rob\u00f3tica e Sistemas de Engenharia (LARSyS) do IST, o Laborat\u00f3rio de Laoshan, a Universidade de S\u00e3o Paulo e a Universidade de Macau.<\/p>\n<p>A cerim\u00f3nia de lan\u00e7amento do centro teve lugar em Macau, com a presen\u00e7a do Presidente do LARSyS, Prof. Jos\u00e9 Santos-Victor, e do Presidente do DEEC, Professor Nuno Horta. Contou ainda com a presen\u00e7a do Consul de Portugal em Hong-Kong e Macau, representantes do governo da Rep\u00fablica Popular da China, e Regi\u00e3o Administrativa Especial de Macau, do Reitor e Vice-Reitor da Universidade de Macau e de representantes do Laborat\u00f3rio de Laoshan e do Professor Ettore Barros da USP.<\/p>\n<p>O acordo prev\u00ea o desenvolvimento de projetos de investiga\u00e7\u00e3o, forma\u00e7\u00e3o avan\u00e7ada e interc\u00e2mbio de estudantes e investigadores.<\/p>\n","protected":false},"excerpt":{"rendered":"<p>No dia 21 de novembro teve lugar a assinatura de um acordo que estabelece o\u00a0Centro de Investiga\u00e7\u00e3o Oce\u00e2nica entre a China e os pa\u00edses de l\u00edngua portuguesa. Os signat\u00e1rios foram<\/p>\n<p><span class=\"more-wrapper\"><a class=\"more-link button\" href=\"https:\/\/groups.tecnico.ulisboa.pt\/~larsys.daemon\/centro-de-investigacao-oceanica-entre-a-china-e-os-paises-de-lingua-portuguesa\/\">Read More<\/a><\/span><\/p>\n","protected":false},"author":6,"featured_media":4568,"comment_status":"closed","ping_status":"closed","sticky":false,"template":"","format":"standard","meta":{"footnotes":""},"categories":[1],"tags":[],"class_list":["post-4567","post","type-post","status-publish","format-standard","has-post-thumbnail","hentry","category-uncategorized"],"_links":{"self":[{"href":"https:\/\/groups.tecnico.ulisboa.pt\/~larsys.daemon\/wp-json\/wp\/v2\/posts\/4567","targetHints":{"allow":["GET"]}}],"collection":[{"href":"https:\/\/groups.tecnico.ulisboa.pt\/~larsys.daemon\/wp-json\/wp\/v2\/posts"}],"about":[{"href":"https:\/\/groups.tecnico.ulisboa.pt\/~larsys.daemon\/wp-json\/wp\/v2\/types\/post"}],"author":[{"embeddable":true,"href":"https:\/\/groups.tecnico.ulisboa.pt\/~larsys.daemon\/wp-json\/wp\/v2\/users\/6"}],"replies":[{"embeddable":true,"href":"https:\/\/groups.tecnico.ulisboa.pt\/~larsys.daemon\/wp-json\/wp\/v2\/comments?post=4567"}],"version-history":[{"count":1,"href":"https:\/\/groups.tecnico.ulisboa.pt\/~larsys.daemon\/wp-json\/wp\/v2\/posts\/4567\/revisions"}],"predecessor-version":[{"id":4569,"href":"https:\/\/groups.tecnico.ulisboa.pt\/~larsys.daemon\/wp-json\/wp\/v2\/posts\/4567\/revisions\/4569"}],"wp:featuredmedia":[{"embeddable":true,"href":"https:\/\/groups.tecnico.ulisboa.pt\/~larsys.daemon\/wp-json\/wp\/v2\/media\/4568"}],"wp:attachment":[{"href":"https:\/\/groups.tecnico.ulisboa.pt\/~larsys.daemon\/wp-json\/wp\/v2\/media?parent=4567"}],"wp:term":[{"taxonomy":"category","embeddable":true,"href":"https:\/\/groups.tecnico.ulisboa.pt\/~larsys.daemon\/wp-json\/wp\/v2\/categories?post=4567"},{"taxonomy":"post_tag","embeddable":true,"href":"https:\/\/groups.tecnico.ulisboa.pt\/~larsys.daemon\/wp-json\/wp\/v2\/tags?post=4567"}],"curies":[{"name":"wp","href":"https:\/\/api.w.org\/{rel}","templated":true}]}}